{"id":182,"count":1,"description":"","link":"https:\/\/comcestnous.com\/com1\/tag\/mois-de-lhistoire-des-noirs-un-itineraire-pour-tous-claudel-toussaint-dorcas-destinoble-maxime-toussaint-richard-biroko-un-itineraire-pour-tous-diversite\/","name":"Mois de l'histoire des Noirs; Un itin\u00e9raire pour tous; Claudel Toussaint; Dorcas Destinoble; Maxime Toussaint; Richard Biroko; Un itin\u00e9raire pour tous; Diversit\u00e9","slug":"mois-de-lhistoire-des-noirs-un-itineraire-pour-tous-claudel-toussaint-dorcas-destinoble-maxime-toussaint-richard-biroko-un-itineraire-pour-tous-diversite","taxonomy":"post_tag","meta":[],"_links":{"self":[{"href":"https:\/\/comcestnous.com\/com1\/wp-json\/wp\/v2\/tags\/182","targetHints":{"allow":["GET"]}}],"collection":[{"href":"https:\/\/comcestnous.com\/com1\/wp-json\/wp\/v2\/tags"}],"about":[{"href":"https:\/\/comcestnous.com\/com1\/wp-json\/wp\/v2\/taxonomies\/post_tag"}],"wp:post_type":[{"href":"https:\/\/comcestnous.com\/com1\/wp-json\/wp\/v2\/posts?tags=182"}],"curies":[{"name":"wp","href":"https:\/\/api.w.org\/{rel}","templated":true}]}}