{"id":1678,"date":"2026-04-27T01:02:21","date_gmt":"2026-04-27T05:02:21","guid":{"rendered":"https:\/\/comcestnous.com\/com1\/?p=1678"},"modified":"2026-04-27T01:10:49","modified_gmt":"2026-04-27T05:10:49","slug":"elevons-nos-voix-ensemble","status":"publish","type":"post","link":"https:\/\/comcestnous.com\/com1\/diverscite\/elevons-nos-voix-ensemble\/","title":{"rendered":"\u00c9levons nos voix ensemble"},"content":{"rendered":"<p><strong>Par Un itin\u00e9raire pour tous et COM C&rsquo;est Nous<\/strong><\/p>\n<p><strong>Chaque ann\u00e9e, \u00e0 l\u2019occasion du lancement du <em>Mois de l\u2019histoire des Noirs<\/em>, <em>Un itin\u00e9raire pour tous<\/em> remet des prix de reconnaissance \u00e0 des personnes qui, par leur parcours, leurs actions et leurs engagements, transforment concr\u00e8tement leur milieu.<\/strong><\/p>\n<p><a href=\"https:\/\/comcestnous.com\/com1\/diverscite\/elevons-nos-voix-ensemble\/attachment\/quatre-personnalites-honorees-a-montreal-nord-2\/\" rel=\"attachment wp-att-1680\"><img loading=\"lazy\" decoding=\"async\" class=\"size-medium wp-image-1680 alignleft\" src=\"http:\/\/comcestnous.com\/com1\/wp-content\/uploads\/2026\/04\/Quatre-personnalites-honorees-a-Montreal-Nord-1-300x169.jpg\" alt=\"\" width=\"300\" height=\"169\" srcset=\"https:\/\/comcestnous.com\/com1\/wp-content\/uploads\/2026\/04\/Quatre-personnalites-honorees-a-Montreal-Nord-1-300x169.jpg 300w, https:\/\/comcestnous.com\/com1\/wp-content\/uploads\/2026\/04\/Quatre-personnalites-honorees-a-Montreal-Nord-1-1024x576.jpg 1024w, https:\/\/comcestnous.com\/com1\/wp-content\/uploads\/2026\/04\/Quatre-personnalites-honorees-a-Montreal-Nord-1-768x432.jpg 768w, https:\/\/comcestnous.com\/com1\/wp-content\/uploads\/2026\/04\/Quatre-personnalites-honorees-a-Montreal-Nord-1-1536x864.jpg 1536w, https:\/\/comcestnous.com\/com1\/wp-content\/uploads\/2026\/04\/Quatre-personnalites-honorees-a-Montreal-Nord-1-2048x1152.jpg 2048w, https:\/\/comcestnous.com\/com1\/wp-content\/uploads\/2026\/04\/Quatre-personnalites-honorees-a-Montreal-Nord-1-150x84.jpg 150w, https:\/\/comcestnous.com\/com1\/wp-content\/uploads\/2026\/04\/Quatre-personnalites-honorees-a-Montreal-Nord-1-696x392.jpg 696w, https:\/\/comcestnous.com\/com1\/wp-content\/uploads\/2026\/04\/Quatre-personnalites-honorees-a-Montreal-Nord-1-1068x601.jpg 1068w, https:\/\/comcestnous.com\/com1\/wp-content\/uploads\/2026\/04\/Quatre-personnalites-honorees-a-Montreal-Nord-1-1920x1080.jpg 1920w\" sizes=\"auto, (max-width: 300px) 100vw, 300px\" \/><\/a><\/p>\n<p>Le th\u00e8me de cette ann\u00e9e, \u00c9levons nos voix ensemble, prend tout son sens \u00e0 travers l\u2019implication des quatre personnes choisies par l\u2019organisme. Leurs voix sont diff\u00e9rentes, leurs chemins sont uniques, leurs champs d\u2019action vari\u00e9s, mais elles portent toutes la m\u00eame intention : faire place \u00e0 l\u2019autre, ouvrir des portes, cr\u00e9er des ponts et b\u00e2tir une communaut\u00e9 plus juste, plus humaine et plus inclusive.<\/p>\n<p>Aujourd\u2019hui, nous reconnaissons quatre personnalit\u00e9s qui ne parlent pas seulement <em>pour<\/em> la communaut\u00e9 \u2013 elles parlent avec elle, pour elle, et \u00e0 partir d\u2019elle.<\/p>\n<blockquote><p>C\u2019est avec beaucoup de fiert\u00e9 et d\u2019\u00e9motion qu\u2019<em>Un itin\u00e9raire pour tou<\/em>s, d\u00e9cerne le Prix Reconnaissance 2026 \u00e0 Dorcas Destinoble, Maxime Toussaint, Richard Biroko et Claudel Toussaint.<\/p><\/blockquote>\n<p>En accord avec <em>Com C\u2019est Nous \u2013 <\/em>l\u2019organisme \u00e9diteur de<em> COM1 Diversit\u00e9 \u2013 <\/em>Un itin\u00e9raire pour tous a \u00e0 c\u0153ur de publier le texte int\u00e9gral pour la c\u00e9r\u00e9monie des hommages r\u00e9alis\u00e9e lors du lancement du Mois de l\u2019histoire des Noirs \u00e0 Montr\u00e9al-Nord, 13e \u00e9dition, tenu le 6 f\u00e9vrier 2026 \u00e0 la Maison culturelle et communautaire de Montr\u00e9al-Nord.<\/p>\n<p>Les hommages pr\u00e9sent\u00e9s lors de cette soir\u00e9e permettent de valoriser l\u2019apport de tout un chacun dans la construction d\u2019une soci\u00e9t\u00e9 plus juste et inclusive, favorisant une appropriation de notre pouvoir d\u2019agir collectif. Nous sommes tr\u00e8s heureux d\u2019avoir cette opportunit\u00e9 de reconna\u00eetre et de c\u00e9l\u00e9brer les r\u00e9cipiendaires de cette ann\u00e9e.<\/p>\n<p>R\u00e9cits de vie de quatre b\u00e2tisseurs et b\u00e2tisseuses de Montr\u00e9al-Nord.<strong>\u00a0<\/strong><\/p>\n","protected":false},"excerpt":{"rendered":"<p>C\u2019est avec beaucoup de fiert\u00e9 et d\u2019\u00e9motion qu\u2019Un itin\u00e9raire pour tous, d\u00e9cerne le Prix Reconnaissance 2026 \u00e0 Dorcas Destinoble, Maxime Toussaint, Richard Biroko et Claudel Toussaint.<\/p>\n","protected":false},"author":1,"featured_media":1684,"comment_status":"open","ping_status":"open","sticky":false,"template":"","format":"standard","meta":{"footnotes":""},"categories":[18,19],"tags":[182],"class_list":{"0":"post-1678","1":"post","2":"type-post","3":"status-publish","4":"format-standard","5":"has-post-thumbnail","7":"category-diverscite","8":"category-iciailleurs","9":"tag-mois-de-lhistoire-des-noirs-un-itineraire-pour-tous-claudel-toussaint-dorcas-destinoble-maxime-toussaint-richard-biroko-un-itineraire-pour-tous-diversite"},"_links":{"self":[{"href":"https:\/\/comcestnous.com\/com1\/wp-json\/wp\/v2\/posts\/1678","targetHints":{"allow":["GET"]}}],"collection":[{"href":"https:\/\/comcestnous.com\/com1\/wp-json\/wp\/v2\/posts"}],"about":[{"href":"https:\/\/comcestnous.com\/com1\/wp-json\/wp\/v2\/types\/post"}],"author":[{"embeddable":true,"href":"https:\/\/comcestnous.com\/com1\/wp-json\/wp\/v2\/users\/1"}],"replies":[{"embeddable":true,"href":"https:\/\/comcestnous.com\/com1\/wp-json\/wp\/v2\/comments?post=1678"}],"version-history":[{"count":4,"href":"https:\/\/comcestnous.com\/com1\/wp-json\/wp\/v2\/posts\/1678\/revisions"}],"predecessor-version":[{"id":1686,"href":"https:\/\/comcestnous.com\/com1\/wp-json\/wp\/v2\/posts\/1678\/revisions\/1686"}],"wp:featuredmedia":[{"embeddable":true,"href":"https:\/\/comcestnous.com\/com1\/wp-json\/wp\/v2\/media\/1684"}],"wp:attachment":[{"href":"https:\/\/comcestnous.com\/com1\/wp-json\/wp\/v2\/media?parent=1678"}],"wp:term":[{"taxonomy":"category","embeddable":true,"href":"https:\/\/comcestnous.com\/com1\/wp-json\/wp\/v2\/categories?post=1678"},{"taxonomy":"post_tag","embeddable":true,"href":"https:\/\/comcestnous.com\/com1\/wp-json\/wp\/v2\/tags?post=1678"}],"curies":[{"name":"wp","href":"https:\/\/api.w.org\/{rel}","templated":true}]}}