{"id":1665,"date":"2026-04-26T23:52:31","date_gmt":"2026-04-27T03:52:31","guid":{"rendered":"https:\/\/comcestnous.com\/com1\/?p=1665"},"modified":"2026-04-27T00:41:16","modified_gmt":"2026-04-27T04:41:16","slug":"saint-michel-en-sante-une-premiere-edition-au-service-du-mieux-etre-collectif","status":"publish","type":"post","link":"https:\/\/comcestnous.com\/com1\/signe\/saint-michel-en-sante-une-premiere-edition-au-service-du-mieux-etre-collectif\/","title":{"rendered":"Saint-Michel en Sant\u00e9 : une premi\u00e8re \u00e9dition au service du mieux-\u00eatre collectif"},"content":{"rendered":"<p><span style=\"font-weight: 400;\"><b>Par Frantz Benjamin<\/b><\/span><\/p>\n<p><strong>Le quartier Saint-Michel, \u00e0 Montr\u00e9al, a accueilli la toute premi\u00e8re \u00e9dition de la Journ\u00e9e <i>Saint-Michel en Sant\u00e9<\/i>, une initiative rassembleuse du d\u00e9put\u00e9 de Viau, Frantz Benjamin, en collaboration avec l\u2019organisme <i>GAPVIES<\/i> et plusieurs partenaires locaux et institutionnels. Gratuit et ouvert \u00e0 toutes et \u00e0 tous, l\u2019\u00e9v\u00e9nement s\u2019est tenu au 8000, boulevard Saint-Michel, de 10 h \u00e0 16 h, pr\u00e9c\u00e9d\u00e9 d\u2019un lancement officiel le vendredi 3 octobre \u00e0 16 h.<\/strong><\/p>\n<p><span style=\"font-weight: 400;\"><a href=\"https:\/\/comcestnous.com\/com1\/communautaire\/saint-michel-en-sante-une-premiere-edition-au-service-du-mieux-etre-collectif\/attachment\/journee-saint-michel-en-sante\/\" rel=\"attachment wp-att-1666\"><img loading=\"lazy\" decoding=\"async\" class=\"size-medium wp-image-1666 alignleft\" src=\"http:\/\/comcestnous.com\/com1\/wp-content\/uploads\/2026\/04\/Journee-Saint-Michel-en-Sante-300x122.jpg\" alt=\"\" width=\"300\" height=\"122\" srcset=\"https:\/\/comcestnous.com\/com1\/wp-content\/uploads\/2026\/04\/Journee-Saint-Michel-en-Sante-300x122.jpg 300w, https:\/\/comcestnous.com\/com1\/wp-content\/uploads\/2026\/04\/Journee-Saint-Michel-en-Sante-1024x416.jpg 1024w, https:\/\/comcestnous.com\/com1\/wp-content\/uploads\/2026\/04\/Journee-Saint-Michel-en-Sante-768x312.jpg 768w, https:\/\/comcestnous.com\/com1\/wp-content\/uploads\/2026\/04\/Journee-Saint-Michel-en-Sante-150x61.jpg 150w, https:\/\/comcestnous.com\/com1\/wp-content\/uploads\/2026\/04\/Journee-Saint-Michel-en-Sante-696x282.jpg 696w, https:\/\/comcestnous.com\/com1\/wp-content\/uploads\/2026\/04\/Journee-Saint-Michel-en-Sante-1068x433.jpg 1068w, https:\/\/comcestnous.com\/com1\/wp-content\/uploads\/2026\/04\/Journee-Saint-Michel-en-Sante.jpg 1274w\" sizes=\"auto, (max-width: 300px) 100vw, 300px\" \/><\/a>Pens\u00e9e comme un espace inclusif et accessible, cette journ\u00e9e a permis de promouvoir la sant\u00e9 globale physique, mentale et sociale au sein de la communaut\u00e9. Dans un contexte o\u00f9 les enjeux de sant\u00e9 publique touchent particuli\u00e8rement certains quartiers urbains, l\u2019\u00e9v\u00e9nement a contribu\u00e9 \u00e0 rapprocher les citoyens des ressources disponibles, tout en favorisant la pr\u00e9vention et l\u2019\u00e9ducation.<\/span><\/p>\n<p><span style=\"font-weight: 400;\">Au c\u0153ur de cette initiative se trouve une volont\u00e9 de d\u00e9mocratiser l\u2019acc\u00e8s \u00e0 l\u2019information et aux services de sant\u00e9. Plusieurs kiosques ont offert du d\u00e9pistage gratuit, notamment pour le VIH et les ITSS, ainsi que des services li\u00e9s \u00e0 la pr\u00e9vention des maladies chroniques comme le diab\u00e8te et l\u2019hypertension. Des professionnels de la sant\u00e9, des organismes communautaires et des partenaires tels que : Diab\u00e8te Qu\u00e9bec et la Fondation qu\u00e9b\u00e9coise du cancer \u00e9taient sur place pour informer et accompagner les participants.<\/span><\/p>\n<p><span style=\"font-weight: 400;\">Nous avons pu aussi compter sur la pr\u00e9sence du Ralliement des infirmi\u00e8res et auxiliaires ha\u00eftiennes et des pr\u00e9cieux conseils du docteur Harry Duroseau de la clinique les soins du H. Duroseau.<\/span><\/p>\n<p><span style=\"font-weight: 400;\">Cette premi\u00e8re \u00e9dition a permis de rassembler citoyens, organismes et institutions dans une atmosph\u00e8re conviviale, favorisant les \u00e9changes, la sensibilisation et la d\u00e9couverte des ressources locales en sant\u00e9 et bien-\u00eatre.<\/span><\/p>\n<p><span style=\"font-weight: 400;\">Frantz Benjamin | D\u00e9put\u00e9 de Viau<\/span><\/p>\n<p><span style=\"font-weight: 400;\">3e vice-pr\u00e9sidente de l\u2019Assembl\u00e9e<\/span><\/p>\n","protected":false},"excerpt":{"rendered":"<p>Des professionnels de la sant\u00e9, des organismes communautaires et des partenaires tels que : Diab\u00e8te Qu\u00e9bec et la Fondation qu\u00e9b\u00e9coise du cancer \u00e9taient sur place pour informer et accompagner les participants.<\/p>\n","protected":false},"author":14,"featured_media":1668,"comment_status":"open","ping_status":"open","sticky":false,"template":"","format":"standard","meta":{"footnotes":""},"categories":[17],"tags":[179],"class_list":{"0":"post-1665","1":"post","2":"type-post","3":"status-publish","4":"format-standard","5":"has-post-thumbnail","7":"category-signe","8":"tag-journee-saint-michel-en-sante-2025-frantz-benjamin-gapvies-docteur-harry-duroseau-vih-itss-depute-de-viau-ralliement-des-infirmieres-et-auxiliaires-haitiennes"},"_links":{"self":[{"href":"https:\/\/comcestnous.com\/com1\/wp-json\/wp\/v2\/posts\/1665","targetHints":{"allow":["GET"]}}],"collection":[{"href":"https:\/\/comcestnous.com\/com1\/wp-json\/wp\/v2\/posts"}],"about":[{"href":"https:\/\/comcestnous.com\/com1\/wp-json\/wp\/v2\/types\/post"}],"author":[{"embeddable":true,"href":"https:\/\/comcestnous.com\/com1\/wp-json\/wp\/v2\/users\/14"}],"replies":[{"embeddable":true,"href":"https:\/\/comcestnous.com\/com1\/wp-json\/wp\/v2\/comments?post=1665"}],"version-history":[{"count":2,"href":"https:\/\/comcestnous.com\/com1\/wp-json\/wp\/v2\/posts\/1665\/revisions"}],"predecessor-version":[{"id":1670,"href":"https:\/\/comcestnous.com\/com1\/wp-json\/wp\/v2\/posts\/1665\/revisions\/1670"}],"wp:featuredmedia":[{"embeddable":true,"href":"https:\/\/comcestnous.com\/com1\/wp-json\/wp\/v2\/media\/1668"}],"wp:attachment":[{"href":"https:\/\/comcestnous.com\/com1\/wp-json\/wp\/v2\/media?parent=1665"}],"wp:term":[{"taxonomy":"category","embeddable":true,"href":"https:\/\/comcestnous.com\/com1\/wp-json\/wp\/v2\/categories?post=1665"},{"taxonomy":"post_tag","embeddable":true,"href":"https:\/\/comcestnous.com\/com1\/wp-json\/wp\/v2\/tags?post=1665"}],"curies":[{"name":"wp","href":"https:\/\/api.w.org\/{rel}","templated":true}]}}