{"id":1631,"date":"2026-03-15T12:39:51","date_gmt":"2026-03-15T16:39:51","guid":{"rendered":"https:\/\/comcestnous.com\/com1\/?p=1631"},"modified":"2026-03-30T18:09:03","modified_gmt":"2026-03-30T22:09:03","slug":"priorite-education-un-engagement-collectif-pour-la-reussite","status":"publish","type":"post","link":"https:\/\/comcestnous.com\/com1\/communautaire\/priorite-education-un-engagement-collectif-pour-la-reussite\/","title":{"rendered":"Priorit\u00e9 \u00e9ducation :  un engagement collectif pour la r\u00e9ussite"},"content":{"rendered":"<p><strong>Par Frantz Benjamin<\/strong><\/p>\n<p>Je crois profond\u00e9ment en l\u2019importance de l\u2019\u00e9ducation dans nos vies et dans nos cheminements. Instruire, socialiser et qualifier : voil\u00e0 la mission fondamentale de l\u2019\u00e9cole. \u00c0 titre d\u2019\u00e9lu scolaire de 1998 \u00e0 2012, j\u2019ai \u0153uvr\u00e9 au sein de la <em>Commission scolaire de la Pointe-de-l\u2019\u00cele<\/em> et collabor\u00e9 avec plusieurs organismes communautaires \u00e0 des projets visant la r\u00e9ussite \u00e9ducative des jeunes et des adultes.<\/p>\n<p><a href=\"https:\/\/comcestnous.com\/com1\/communautaire\/priorite-education-un-engagement-collectif-pour-la-reussite\/attachment\/la-bourse-du-depute-de-viau-3\/\" rel=\"attachment wp-att-1640\"><img loading=\"lazy\" decoding=\"async\" class=\"size-medium wp-image-1640 alignleft\" src=\"http:\/\/comcestnous.com\/com1\/wp-content\/uploads\/2026\/03\/La-bourse-du-depute-de-Viau-2-300x209.jpg\" alt=\"\" width=\"300\" height=\"209\" srcset=\"https:\/\/comcestnous.com\/com1\/wp-content\/uploads\/2026\/03\/La-bourse-du-depute-de-Viau-2-300x209.jpg 300w, https:\/\/comcestnous.com\/com1\/wp-content\/uploads\/2026\/03\/La-bourse-du-depute-de-Viau-2-768x536.jpg 768w, https:\/\/comcestnous.com\/com1\/wp-content\/uploads\/2026\/03\/La-bourse-du-depute-de-Viau-2-150x105.jpg 150w, https:\/\/comcestnous.com\/com1\/wp-content\/uploads\/2026\/03\/La-bourse-du-depute-de-Viau-2-696x485.jpg 696w, https:\/\/comcestnous.com\/com1\/wp-content\/uploads\/2026\/03\/La-bourse-du-depute-de-Viau-2.jpg 876w\" sizes=\"auto, (max-width: 300px) 100vw, 300px\" \/><\/a>De 2009 \u00e0 2018, comme \u00e9lu municipal, j\u2019ai \u00e9galement particip\u00e9 \u00e0 diverses initiatives ayant des retomb\u00e9es concr\u00e8tes sur la r\u00e9ussite des jeunes, qu\u2019il s\u2019agisse de la revitalisation d\u2019un parc ou d\u2019une piscine, de la r\u00e9novation d\u2019un gymnase ou d\u2019un terrain sportif. J\u2019avais alors compris qu\u2019il faut toute une communaut\u00e9 pour soutenir les jeunes dans leur parcours scolaire.<\/p>\n<p>Aujourd\u2019hui, en compl\u00e9ment des activit\u00e9s d\u2019aide aux devoirs, d\u2019\u00e9tudes supervis\u00e9es et de mentorat offertes par de nombreux organismes communautaires, la pr\u00e9sence d\u2019une instance comme le <em>Fonds 1804 <\/em>pour la pers\u00e9v\u00e9rance scolaire vient raviver l\u2019id\u00e9e d\u2019un front commun regroupant l\u2019ensemble des acteurs de la collectivit\u00e9. C\u00e9l\u00e9brant ses dix ans cette ann\u00e9e, le <em>Fonds 1804 <\/em>a su rassembler autour d\u2019une m\u00eame vision des professionnels de l\u2019\u00e9ducation, des organismes communautaires, des parents, des entrepreneurs, des artistes et des citoyens, tous unis par un objectif commun : soutenir la r\u00e9ussite des jeunes.<\/p>\n<blockquote><p>\u00c0 titre de d\u00e9put\u00e9 de la circonscription de Viau, j\u2019ai choisi de faire de l\u2019\u00e9ducation l\u2019une de mes grandes priorit\u00e9s. Cela se traduit par un soutien constant aux actions du <em>Fonds 1804<\/em> pour la pers\u00e9v\u00e9rance scolaire, \u00e0 celles port\u00e9es par les \u00e9coles et les organismes de la circonscription, ainsi que par la mise en place d\u2019une nouvelle initiative : Les Bourses du d\u00e9put\u00e9 de Viau.<\/p><\/blockquote>\n<p><strong>LES BOURSES DU D\u00c9PUT\u00c9 DE VIAU <\/strong><\/p>\n<p>Conform\u00e9ment \u00e0 mon engagement envers la r\u00e9ussite \u00e9ducative, je remets chaque ann\u00e9e un total de 10 000 $ en bourses d\u2019\u00e9tudes \u00e0 des r\u00e9sidentes et r\u00e9sidents de la circonscription de Viau. Ces bourses permettent \u00e0 des femmes et des hommes de poursuivre leurs \u00e9tudes et, surtout, de continuer \u00e0 nourrir leurs r\u00eaves. Les Bourses du d\u00e9put\u00e9 de Viau visent \u00e0 encourager la r\u00e9ussite acad\u00e9mique et \u00e0 am\u00e9liorer le taux de diplomation dans le quartier Saint-Michel. Cette initiative, r\u00e9alis\u00e9e en partenariat avec le <em>Sommet socio-\u00e9conomique pour le d\u00e9veloppement des jeunes des communaut\u00e9s noires<\/em>, s\u2019adresse aux personnes poursuivant des \u00e9tudes \u00e0 temps plein, que ce soit au coll\u00e9gial, \u00e0 l\u2019universit\u00e9 ou dans un programme d\u2019apprentissage d\u2019un m\u00e9tier exige de miser sur l\u2019excellence, mais surtout de soutenir la pers\u00e9v\u00e9rance. Et pour y parvenir, nous devons pouvoir compter sur les comp\u00e9tences, les habilet\u00e9s et le savoir-faire de toutes et de tous.<\/p>\n<p>Frantz Benjamin<\/p>\n<p>Troisi\u00e8me vice-pr\u00e9sident de l\u2019Assembl\u00e9e nationale du Qu\u00e9bec<\/p>\n","protected":false},"excerpt":{"rendered":"<p>Par Frantz Benjamin Je crois profond\u00e9ment en l\u2019importance de l\u2019\u00e9ducation dans nos vies et dans nos cheminements. Instruire, socialiser et qualifier : voil\u00e0 la mission fondamentale de l\u2019\u00e9cole. \u00c0 titre d\u2019\u00e9lu scolaire de 1998 \u00e0 2012, j\u2019ai \u0153uvr\u00e9 au sein de la Commission scolaire de la Pointe-de-l\u2019\u00cele et collabor\u00e9 avec plusieurs organismes communautaires \u00e0 des [&hellip;]<\/p>\n","protected":false},"author":14,"featured_media":1643,"comment_status":"open","ping_status":"open","sticky":false,"template":"","format":"standard","meta":{"footnotes":""},"categories":[26],"tags":[176],"class_list":{"0":"post-1631","1":"post","2":"type-post","3":"status-publish","4":"format-standard","5":"has-post-thumbnail","7":"category-communautaire","8":"tag-frantz-benjamin-viau-la-bourse-du-depute-communautaire-fonds-1804"},"_links":{"self":[{"href":"https:\/\/comcestnous.com\/com1\/wp-json\/wp\/v2\/posts\/1631","targetHints":{"allow":["GET"]}}],"collection":[{"href":"https:\/\/comcestnous.com\/com1\/wp-json\/wp\/v2\/posts"}],"about":[{"href":"https:\/\/comcestnous.com\/com1\/wp-json\/wp\/v2\/types\/post"}],"author":[{"embeddable":true,"href":"https:\/\/comcestnous.com\/com1\/wp-json\/wp\/v2\/users\/14"}],"replies":[{"embeddable":true,"href":"https:\/\/comcestnous.com\/com1\/wp-json\/wp\/v2\/comments?post=1631"}],"version-history":[{"count":5,"href":"https:\/\/comcestnous.com\/com1\/wp-json\/wp\/v2\/posts\/1631\/revisions"}],"predecessor-version":[{"id":1641,"href":"https:\/\/comcestnous.com\/com1\/wp-json\/wp\/v2\/posts\/1631\/revisions\/1641"}],"wp:featuredmedia":[{"embeddable":true,"href":"https:\/\/comcestnous.com\/com1\/wp-json\/wp\/v2\/media\/1643"}],"wp:attachment":[{"href":"https:\/\/comcestnous.com\/com1\/wp-json\/wp\/v2\/media?parent=1631"}],"wp:term":[{"taxonomy":"category","embeddable":true,"href":"https:\/\/comcestnous.com\/com1\/wp-json\/wp\/v2\/categories?post=1631"},{"taxonomy":"post_tag","embeddable":true,"href":"https:\/\/comcestnous.com\/com1\/wp-json\/wp\/v2\/tags?post=1631"}],"curies":[{"name":"wp","href":"https:\/\/api.w.org\/{rel}","templated":true}]}}